{"id":265,"date":"2017-05-21T06:24:56","date_gmt":"2017-05-21T10:24:56","guid":{"rendered":"http:\/\/www.miidescaune.ro\/blog\/?p=265"},"modified":"2017-05-21T06:24:56","modified_gmt":"2017-05-21T10:24:56","slug":"3-scaune-ideale-pentru-balconul-tau","status":"publish","type":"post","link":"https:\/\/www.miidescaune.ro\/blog\/2017\/05\/21\/3-scaune-ideale-pentru-balconul-tau\/","title":{"rendered":"3 scaune ideale pentru balconul t\u0103u"},"content":{"rendered":"<p>Balconul este spa\u021biul suplimentar al casei de care po\u021bi profita la maxim vara pentru a te relaxa. A\u0219a cum am scris \u0219i \u00een <a href=\"http:\/\/www.miidescaune.ro\/blog\/2017\/04\/17\/este-timpul-sa-ti-amenajezi-balconul\/\" target=\"_blank\">articolul Este timpul s\u0103 \u00ee\u021bi amenajezi balconul<\/a> , procesul de transformare a terasei de la etaj din spa\u021biu de depozitare (\u00een care devine mai ales iarna) \u00een oaz\u0103 de relaxare, poate fi unul rapid \u0219i nu foarte\u00a0costisitor. \u00cen articolul anterior g\u0103se\u0219ti mai multe sugestii pe aceast\u0103 tem\u0103.<\/p>\n<p>Acum \u00ee\u021bi vom prezenta 3 modele de scaune numai bune pentru balconul t\u0103u, indiferent de spa\u021biul pe care \u00eel ai la dispozi\u021bie. Aceste scaune sunt realizate din polipropilen\u0103, deci sunt rezistente la ploi \u0219i soare puternic, nu ocup\u0103 mult spa\u021biu \u0219i pot fi mutate u\u0219or dintr-o parte \u00een alta.<a href=\"http:\/\/www.miidescaune.ro\/blog\/wp-content\/uploads\/2017\/05\/balcon1-scaun-vanity.jpg\"><br \/>\n<\/a><\/p>\n<p><strong><a href=\"http:\/\/www.miidescaune.ro\/blog\/wp-content\/uploads\/2017\/05\/balcon1-scaun-vanity.jpg\"><img loading=\"lazy\" decoding=\"async\" class=\"alignnone size-medium wp-image-266\" src=\"http:\/\/www.miidescaune.ro\/blog\/wp-content\/uploads\/2017\/05\/balcon1-scaun-vanity-225x300.jpg\" alt=\"balcon1-scaun vanity\" width=\"225\" height=\"300\" srcset=\"https:\/\/www.miidescaune.ro\/blog\/wp-content\/uploads\/2017\/05\/balcon1-scaun-vanity-225x300.jpg 225w, https:\/\/www.miidescaune.ro\/blog\/wp-content\/uploads\/2017\/05\/balcon1-scaun-vanity.jpg 450w\" sizes=\"auto, (max-width: 225px) 100vw, 225px\" \/><\/a>1. Scaun transparent Vanity<\/strong><\/p>\n<p>Scaunele transparente sunt unele dintre cele mai c\u0103utate \u0219i apreciate modele \u00een acest sezon, iar asta datorit\u0103 design-ului fantastic \u0219i al materialelor rezistente din care sunt create. Scaunul Vanity este disponibil at\u00e2t cu bra\u021be, c\u00e2t \u0219i f\u0103r\u0103, \u00een variant\u0103 fumurie sau transparent\u0103. Nu \u00ee\u021bi va ocupa mult spa\u021biu, iar datorit\u0103 efectului de \u201einvizibil\u201d, \u00ee\u021bi las\u0103 impresia c\u0103 nu ocup\u0103 chiar deloc.<\/p>\n<p><a href=\"http:\/\/www.miidescaune.ro\/ro\/scaune-scaune-policarbonat-scaun-vanity-d346.html\" target=\"_blank\">Click aici<\/a> pentru a-l cunoa\u0219te mai bine.<\/p>\n<ol start=\"2\">\n<li><a href=\"http:\/\/www.miidescaune.ro\/blog\/wp-content\/uploads\/2017\/05\/scaun-terasa-airx.jpg\"><img loading=\"lazy\" decoding=\"async\" class=\"alignnone size-medium wp-image-267\" src=\"http:\/\/www.miidescaune.ro\/blog\/wp-content\/uploads\/2017\/05\/scaun-terasa-airx-206x300.jpg\" alt=\"scaun terasa airx\" width=\"206\" height=\"300\" srcset=\"https:\/\/www.miidescaune.ro\/blog\/wp-content\/uploads\/2017\/05\/scaun-terasa-airx-206x300.jpg 206w, https:\/\/www.miidescaune.ro\/blog\/wp-content\/uploads\/2017\/05\/scaun-terasa-airx.jpg 262w\" sizes=\"auto, (max-width: 206px) 100vw, 206px\" \/><\/a><strong>Scaun de teras\u0103 Airx<\/strong><\/li>\n<\/ol>\n<p>Un scaun modern, adus de cur\u00e2nd la noi \u00een showroom \u0219i primit cu mare succes de public \u0219i datorit\u0103 variet\u0103\u021bii de nuan\u021be \u00een care este disponibil. Este un scaun deosebit de rezistent pentru c\u0103 a fost ob\u021binut prin injectare de ultim\u0103 genera\u021bie, \u00een combina\u021bie cu termoplastic \u0219i fibr\u0103 de sticl\u0103. Are un \u0219ezut deosebit de generos, ceea ce \u00ee\u021bi va permite s\u0103 stai comod \u0219i s\u0103 petreci cu drag mai multe ore pe balcon, relax\u00e2ndu-te.<\/p>\n<p><a href=\"http:\/\/www.miidescaune.ro\/ro\/scaune-scaune-terasa-scaun-airx-terasa-d584.html\" target=\"_blank\">Click aici<\/a> pentru a-l cunoa\u0219te mai bine.<\/p>\n<ol start=\"3\">\n<li><a href=\"http:\/\/www.miidescaune.ro\/blog\/wp-content\/uploads\/2017\/01\/scaune-terasa-spyder-pp.jpg\"><img loading=\"lazy\" decoding=\"async\" class=\"alignnone size-medium wp-image-213\" src=\"http:\/\/www.miidescaune.ro\/blog\/wp-content\/uploads\/2017\/01\/scaune-terasa-spyder-pp-244x300.jpg\" alt=\"scaune-terasa-spyder-pp\" width=\"244\" height=\"300\" srcset=\"https:\/\/www.miidescaune.ro\/blog\/wp-content\/uploads\/2017\/01\/scaune-terasa-spyder-pp-244x300.jpg 244w, https:\/\/www.miidescaune.ro\/blog\/wp-content\/uploads\/2017\/01\/scaune-terasa-spyder-pp.jpg 251w\" sizes=\"auto, (max-width: 244px) 100vw, 244px\" \/><\/a><strong>Scaun Spyder PP Teras\u0103<\/strong><\/li>\n<\/ol>\n<p>Am vorbit despre el \u0219i \u00een articolul anterior, dar merit\u0103 men\u021bionat din nou datorit\u0103 aspectului s\u0103u deosebit \u0219i rezisten\u021bei \u00eendelungate la expunere solar\u0103. Este un scaun-dantel\u0103rie, care las\u0103 s\u0103 p\u0103trund\u0103 lumina solar\u0103 \u0219i care \u00ee\u021bi va crea \u00een balcon reflexii deosebite ale acesteia. \u00cel vei asorta u\u0219or cu restul mobilierului sau decora\u021biunilor din balconul t\u0103u pentru c\u0103 \u00eel g\u0103se\u0219ti disponibil \u00een 3 nuan\u021be diferite: ro\u0219u, galben \u0219i verde deschis.<\/p>\n<p><a href=\"http:\/\/www.miidescaune.ro\/ro\/scaune-scaune-terasa-scaun-airx-terasa-d584.html\" target=\"_blank\">Click aici<\/a> pentru a-l cunoa\u0219te mai bine.<\/p>\n<p>&nbsp;<\/p>\n<p>Nu uita c\u0103 dac\u0103 nu ai g\u0103sit o solu\u021bie care s\u0103 te ajute mai sus, \u00ee\u021bi st\u0103m cu drag la dispozi\u021bie pentru a-\u021bi oferi scaune configurate pentru spa\u021biul \u0219i bugetul t\u0103u. Contacteaz\u0103-ne la num\u0103rul de telefon 0726444222.<\/p>\n<p>&nbsp;<\/p>\n<p>&nbsp;<\/p>\n<p>&nbsp;<\/p>\n","protected":false},"excerpt":{"rendered":"<p>Balconul este spa\u021biul suplimentar al casei de care po\u021bi profita la maxim vara pentru a te relaxa. A\u0219a cum am scris \u0219i \u00een articolul Este timpul s\u0103 \u00ee\u021bi&#8230;<\/p>\n","protected":false},"author":1,"featured_media":269,"comment_status":"open","ping_status":"open","sticky":false,"template":"","format":"standard","meta":{"footnotes":""},"categories":[5],"tags":[92,93,95,96,7,89],"class_list":["post-265","post","type-post","status-publish","format-standard","has-post-thumbnail","hentry","category-scaune-pentru-acasa","tag-scaune-din-polipropilena","tag-scaune-pentru-balcon","tag-scaune-rezistente-la-ploi","tag-scaune-rezistente-la-soare","tag-scaune-terasa","tag-scaune-transparente"],"_links":{"self":[{"href":"https:\/\/www.miidescaune.ro\/blog\/wp-json\/wp\/v2\/posts\/265","targetHints":{"allow":["GET"]}}],"collection":[{"href":"https:\/\/www.miidescaune.ro\/blog\/wp-json\/wp\/v2\/posts"}],"about":[{"href":"https:\/\/www.miidescaune.ro\/blog\/wp-json\/wp\/v2\/types\/post"}],"author":[{"embeddable":true,"href":"https:\/\/www.miidescaune.ro\/blog\/wp-json\/wp\/v2\/users\/1"}],"replies":[{"embeddable":true,"href":"https:\/\/www.miidescaune.ro\/blog\/wp-json\/wp\/v2\/comments?post=265"}],"version-history":[{"count":1,"href":"https:\/\/www.miidescaune.ro\/blog\/wp-json\/wp\/v2\/posts\/265\/revisions"}],"predecessor-version":[{"id":270,"href":"https:\/\/www.miidescaune.ro\/blog\/wp-json\/wp\/v2\/posts\/265\/revisions\/270"}],"wp:featuredmedia":[{"embeddable":true,"href":"https:\/\/www.miidescaune.ro\/blog\/wp-json\/wp\/v2\/media\/269"}],"wp:attachment":[{"href":"https:\/\/www.miidescaune.ro\/blog\/wp-json\/wp\/v2\/media?parent=265"}],"wp:term":[{"taxonomy":"category","embeddable":true,"href":"https:\/\/www.miidescaune.ro\/blog\/wp-json\/wp\/v2\/categories?post=265"},{"taxonomy":"post_tag","embeddable":true,"href":"https:\/\/www.miidescaune.ro\/blog\/wp-json\/wp\/v2\/tags?post=265"}],"curies":[{"name":"wp","href":"https:\/\/api.w.org\/{rel}","templated":true}]}}